{"id":1006,"date":"2025-05-27T16:18:41","date_gmt":"2025-05-27T16:18:41","guid":{"rendered":"https:\/\/www.drfilizgultekin.com\/?p=1006"},"modified":"2025-05-27T16:18:42","modified_gmt":"2025-05-27T16:18:42","slug":"sac-dokulmesine-cozum-arayanlar-icin-sac-tedavileri-hakkinda-bilmeniz-gerekenler","status":"publish","type":"post","link":"https:\/\/www.drfilizgultekin.com\/de\/sac-dokulmesine-cozum-arayanlar-icin-sac-tedavileri-hakkinda-bilmeniz-gerekenler\/","title":{"rendered":"F\u00fcr alle, die eine L\u00f6sung gegen Haarausfall suchen: Was Sie \u00fcber Haarbehandlungen wissen m\u00fcssen"},"content":{"rendered":"<p>Unser Haar dient nicht nur der \u00c4sthetik, sondern ist auch ein wichtiger Bestandteil unseres Wohlbefindens. Alltagsstress, Jahreszeitenwechsel und genetische Faktoren k\u00f6nnen unser Haar mit der Zeit sch\u00e4digen. Was also tun, wenn wir anfangen, Haare zu verlieren?<\/p>\n\n\n\n<p>In diesem Artikel geben wir einen \u00dcberblick \u00fcber aktuelle medizinische Verfahren zur Unterst\u00fctzung der Haargesundheit. Nat\u00fcrlich sind die Bed\u00fcrfnisse jedes Einzelnen unterschiedlich, daher bieten die hier bereitgestellten Informationen nur einen allgemeinen \u00dcberblick. F\u00fcr eine detaillierte Beurteilung und Beratung ist die Konsultation eines Spezialisten unerl\u00e4sslich.<\/p>\n\n\n\n<hr class=\"wp-block-separator has-alpha-channel-opacity\"\/>\n\n\n\n<h2 class=\"wp-block-heading\">Was verursacht Haarausfall?<\/h2>\n\n\n\n<p>Ob Mann oder Frau, Haarausfall kann viele verschiedene Ursachen haben. Zu den h\u00e4ufigsten z\u00e4hlen:<\/p>\n\n\n\n<ul class=\"wp-block-list\">\n<li>Genetische Veranlagung<\/li>\n\n\n\n<li>Hormonelle Ver\u00e4nderungen (Schilddr\u00fcse, Geburt, Wechseljahre usw.)<\/li>\n\n\n\n<li>Vitamin- und Mineralstoffmangel (insbesondere Vitamin D, Eisen, B12)<\/li>\n\n\n\n<li>Starker Stress<\/li>\n\n\n\n<li>Saisonale Zyklen<\/li>\n\n\n\n<li>Prozesse, die die Kopfhaut belasten (\u00fcberm\u00e4\u00dfige Hitze, Chemikalien)<\/li>\n<\/ul>\n\n\n\n<p>Faktoren wie: Die Kombination dieser Faktoren kann den Haarausfallprozess noch weiter beschleunigen.<\/p>\n\n\n\n<hr class=\"wp-block-separator has-alpha-channel-opacity\"\/>\n\n\n\n<h2 class=\"wp-block-heading\">Welche Anwendungen k\u00f6nnen die Kopfhaut unterst\u00fctzen?<\/h2>\n\n\n\n<p>Im Bereich der modernen medizinischen \u00c4sthetik k\u00f6nnen verschiedene Behandlungen zur Unterst\u00fctzung bei Haarausfall geplant werden. Da Eignung und Wirksamkeit von Person zu Person unterschiedlich sind, dienen die folgenden Angaben nur der allgemeinen Information:<\/p>\n\n\n\n<h3 class=\"wp-block-heading\">\ud83d\udd39 PRP<\/h3>\n\n\n\n<p>Dabei wird Plasma aus dem eigenen Blut einer Person auf die Kopfhaut aufgetragen. Dieses Verfahren kann nach \u00e4rztlicher Planung zur Unterst\u00fctzung der Haarfollikel durchgef\u00fchrt werden.<\/p>\n\n\n\n<h3 class=\"wp-block-heading\">\ud83d\udd39 Haarmesotherapie<\/h3>\n\n\n\n<p>Mittels Mikronadeln werden Vitamine, Mineralstoffe und Kreislauf unterst\u00fctzende Wirkstoffe in die Kopfhaut eingebracht. H\u00e4ufigkeit und Umfang der Anwendung werden individuell festgelegt.<\/p>\n\n\n\n<h3 class=\"wp-block-heading\">\ud83d\udd39 Exosomen- und Stammzell-basierte Ans\u00e4tze<\/h3>\n\n\n\n<p>In den letzten Jahren entwickelte biotechnologische Inhaltsstoffe gelten als unterst\u00fctzende Methoden bei Anwendungen auf der Kopfhaut mit Inhaltsstoffen, die auf die Zellregeneration abzielen.<\/p>\n\n\n\n<h3 class=\"wp-block-heading\">\ud83d\udd39 Microneedling (Dermapen etc.)<\/h3>\n\n\n\n<p>Diese Methode, die durch Mikrostimulation auf der Hautoberfl\u00e4che erfolgt, kann als Erg\u00e4nzung zu verschiedenen Anwendungen zur Hauterneuerung auf der Kopfhaut eingesetzt werden.<\/p>\n\n\n\n<hr class=\"wp-block-separator has-alpha-channel-opacity\"\/>\n\n\n\n<h2 class=\"wp-block-heading\">Was ist vor der Bewerbung zu beachten?<\/h2>\n\n\n\n<p>Da dem Haarausfall auch medizinische Ursachen zugrunde liegen k\u00f6nnen, sollte der erste Schritt immer die Konsultation eines Facharztes sein.<br>Die geeignete Methode und Planung sollte ausschlie\u00dflich von Ihrem Arzt nach einer individuellen Beurteilung festgelegt werden.<br>Die Anzahl der Anwendungen, die H\u00e4ufigkeit und die erzielten Ergebnisse k\u00f6nnen bei jedem Einzelnen unterschiedlich sein.<\/p>\n\n\n\n<hr class=\"wp-block-separator has-alpha-channel-opacity\"\/>\n\n\n\n<h2 class=\"wp-block-heading\">Einfache M\u00f6glichkeiten zur Unterst\u00fctzung Ihrer Haargesundheit<\/h2>\n\n\n\n<ul class=\"wp-block-list\">\n<li>Verwenden Sie Produkte, die f\u00fcr Ihren Haartyp geeignet sind<\/li>\n\n\n\n<li>W\u00e4hlen Sie Stylingtechniken, die Ihre Kopfhaut nicht sch\u00e4digen.<\/li>\n\n\n\n<li>Achten Sie auf eine ausgewogene Ern\u00e4hrung und Schlafgewohnheiten<\/li>\n\n\n\n<li>Nehmen Sie bei Bedarf Vitaminpr\u00e4parate in Absprache mit Ihrem Arzt ein.<\/li>\n\n\n\n<li>Schaffen Sie Routinen, um Stress abzubauen<\/li>\n<\/ul>\n\n\n\n<hr class=\"wp-block-separator has-alpha-channel-opacity\"\/>\n\n\n\n<blockquote class=\"wp-block-quote is-layout-flow wp-block-quote-is-layout-flow\">\n<p><strong>Warnung:<\/strong> Dieser Inhalt dient nur zu Informationszwecken. Wenden Sie sich zur Diagnose und Behandlung an Ihren Arzt.<br><strong>Erinnern:<\/strong> Alle medizinischen Verfahren erfordern eine individuelle Beurteilung.<\/p>\n<\/blockquote>","protected":false},"excerpt":{"rendered":"<p>Unser Haar dient nicht nur der \u00c4sthetik, sondern ist auch ein wichtiger Bestandteil unseres Wohlbefindens. Alltagsstress, jahreszeitliche Ver\u00e4nderungen und genetische Faktoren k\u00f6nnen unser Haar mit der Zeit sch\u00e4digen. Was also tun, wenn Haarausfall beginnt? In diesem Artikel stellen wir aktuelle medizinische Methoden zur Unterst\u00fctzung der Haargesundheit vor. Nat\u00fcrlich sind die Bed\u00fcrfnisse jedes Einzelnen unterschiedlich \u2013 daher sind die Informationen hier nur allgemeiner Natur [\u2026]<\/p>","protected":false},"author":1,"featured_media":941,"comment_status":"open","ping_status":"open","sticky":false,"template":"","format":"standard","meta":{"_joinchat":[],"footnotes":""},"categories":[1],"tags":[],"class_list":["post-1006","post","type-post","status-publish","format-standard","has-post-thumbnail","hentry","category-blog"],"_links":{"self":[{"href":"https:\/\/www.drfilizgultekin.com\/de\/wp-json\/wp\/v2\/posts\/1006","targetHints":{"allow":["GET"]}}],"collection":[{"href":"https:\/\/www.drfilizgultekin.com\/de\/wp-json\/wp\/v2\/posts"}],"about":[{"href":"https:\/\/www.drfilizgultekin.com\/de\/wp-json\/wp\/v2\/types\/post"}],"author":[{"embeddable":true,"href":"https:\/\/www.drfilizgultekin.com\/de\/wp-json\/wp\/v2\/users\/1"}],"replies":[{"embeddable":true,"href":"https:\/\/www.drfilizgultekin.com\/de\/wp-json\/wp\/v2\/comments?post=1006"}],"version-history":[{"count":0,"href":"https:\/\/www.drfilizgultekin.com\/de\/wp-json\/wp\/v2\/posts\/1006\/revisions"}],"wp:featuredmedia":[{"embeddable":true,"href":"https:\/\/www.drfilizgultekin.com\/de\/wp-json\/wp\/v2\/media\/941"}],"wp:attachment":[{"href":"https:\/\/www.drfilizgultekin.com\/de\/wp-json\/wp\/v2\/media?parent=1006"}],"wp:term":[{"taxonomy":"category","embeddable":true,"href":"https:\/\/www.drfilizgultekin.com\/de\/wp-json\/wp\/v2\/categories?post=1006"},{"taxonomy":"post_tag","embeddable":true,"href":"https:\/\/www.drfilizgultekin.com\/de\/wp-json\/wp\/v2\/tags?post=1006"}],"curies":[{"name":"wp","href":"https:\/\/api.w.org\/{rel}","templated":true}]}}